{"id":2107,"date":"2023-02-16T15:26:33","date_gmt":"2023-02-16T13:26:33","guid":{"rendered":"https:\/\/testdesarrollo.es\/aser\/faltan-profesionales-por-manel-baez-assistec\/"},"modified":"2023-02-16T15:26:33","modified_gmt":"2023-02-16T13:26:33","slug":"faltan-profesionales-por-manel-baez-assistec","status":"publish","type":"post","link":"https:\/\/autodriveservices.com\/pt-pt\/faltan-profesionales-por-manel-baez-assistec\/","title":{"rendered":"Faltan profesionales \u2013 Por Manel B\u00e1ez (ASSISTEC)"},"content":{"rendered":"<p>2.837.653 personas en paro a diciembre 2022 y, aun as\u00ed, <strong><span style=\"color: #ff0000;\">nos falta personal en los talleres<\/span><\/strong>. No solo en la postventa, en otros muchos sectores, la mayor\u00eda de ellos artesanales. \u00bf2.837.653 de parados sin cualificar? Raro \u00bfverdad? \u2026. <!--more-->Vamos al taller. Una profesi\u00f3n, la de mec\u00e1nico, donde la vocaci\u00f3n tiene un gran peso. Un poco de investigaci\u00f3n y observo que en las escuelas de formaci\u00f3n profesional la rama de electromec\u00e1nica es de las m\u00e1s demandadas. Entonces, \u00bfqu\u00e9 falla?<\/p>\n<p>Falla que los centros de formaci\u00f3n profesional, en muchos casos, no est\u00e1n lo suficientemente preparados dado que no tienen los recursos necesarios para formar en las nuevas tecnolog\u00edas, pero tambi\u00e9n se falla, eso me cuentan los talleres, en la formaci\u00f3n de los principios de la mec\u00e1nica y de la electr\u00f3nica que se da a los estudiantes.<\/p>\n<p>Falla el coste empresa de un junior, al que contratamos reci\u00e9n salido de la escuela, y cuyo coste empresa representa pr\u00e1cticamente lo mismo que el de un oficial de 1\u00aa.<\/p>\n<p>Y en muchos casos falla la actitud de las personas. Quiero hacer pr\u00e1cticas y cobrar por ello; quiero empezar mi trayectoria profesional y cobrar lo mismo que un t\u00e9cnico senior; las manos en los bolsillos y arrastrar los pies por el taller. Actitudes que se observan con facilidad en los talleres.<\/p>\n<p>Pero yo, como taller \u00bfqu\u00e9 puedo hacer? Porque en los puntos anteriores no puedo hacer nada, as\u00ed que la soluci\u00f3n no est\u00e1 en mis manos. Pues algo si que podemos hacer, aparte de fichajes gal\u00e1cticos:<\/p>\n<ul>\n<li><strong><span style=\"color: #ff0000;\">Paciencia<\/span><\/strong> para crear cantera en el taller, con juniors con actitud, que los hay. Seducirles con un plan de carrera.<\/li>\n<li><span style=\"color: #ff0000;\"><strong>Formar<\/strong> <\/span>a nuestro personal. Hoy en d\u00eda sigo escuchado: <span style=\"color: #ff0000;\"><em>\u201cpara que lo voy a formar a mis empleados, para que se vaya a trabajar a la competencia o se monte por su cuenta\u201d<\/em><\/span>. Siempre hago referencia a la frase de un tal Derek C. Bok: <strong><span style=\"color: #ff0000;\">\u201cSi la formaci\u00f3n es cara prueba con la ignorancia\u201d<\/span><\/strong>.<\/li>\n<\/ul>\n<p>Sobre este punto, en una reciente asamblea de CIRA (Asociaci\u00f3n de recambistas de Catalunya), en la intervenci\u00f3n de GIPA se di\u00f3 un dato preocupante: <strong><span style=\"color: #ff0000;\">el 52% de talleres no han recibido ning\u00fan tipo de formaci\u00f3n en los 2 \u00faltimos a\u00f1os (2020 y 2021).<\/span><\/strong> Ni t\u00e9cnica, ni de gesti\u00f3n, ni de ning\u00fan otro tipo.<\/p>\n<p>Hay que darle valor a lo importante y no nos hemos preocupado de ello. <em><span style=\"color: #ff0000;\">&#8220;Como ya nos gan\u00e1bamos bien la vida con el margen del recambio\u2026. para que preocuparme de mi precio de mano de obra&#8221;. <\/span><\/em>Esta situaci\u00f3n nos ha llevado a que pocos talleres obtengamos beneficio de lo importante, de nuestra mano de obra; es m\u00e1s, ni siquiera en muchos casos podemos absorber los costes fijos de la empresa. Por tanto no podemos ofrecer salarios que est\u00e9n a la altura de esta profesi\u00f3n.<\/p>\n<p>Hemos de tener presente, entre otras muchas cosas, la responsabilidad del puesto, ya que los mec\u00e1nicos tenemos un papel muy importante en la seguridad vial. \u201cPrefiero estar trabajando en otro sector donde las condiciones son m\u00e1s favorables, menos esfuerzo y responsabilidad, e igual o mayor salario, por mucho que sienta vocaci\u00f3n y pasi\u00f3n por la mec\u00e1nica\u201d Esta afirmaci\u00f3n la he escuchado muchas veces.<\/p>\n<ul>\n<li><strong><span style=\"color: #ff0000;\">Condiciones<\/span> <\/strong>del puesto y calidad de vida. No todo es dinero, aunque tiene un gran peso y es obvio. Equipamiento y herramienta adecuada y de calidad, espacios, limpieza e higiene, vestuario adecuado, protecci\u00f3n laboral, conciliaci\u00f3n familiar, .\u2026<\/li>\n<\/ul>\n<p>Mucho por hacer y me consta que muchos actores est\u00e1n actuando para revertir la situaci\u00f3n, pero como talleres, tambi\u00e9n tenemos una responsabilidad y, aparte de reclamar esta deficiencia, debemos actuar sobre lo que est\u00e9 en nuestras manos corregir la situaci\u00f3n.<\/p>\n","protected":false},"excerpt":{"rendered":"<p>2.837.653 personas en paro a diciembre 2022 y, aun as\u00ed, nos falta personal en los talleres. No solo en la [&hellip;]<\/p>\n","protected":false},"author":1,"featured_media":1865,"comment_status":"closed","ping_status":"open","sticky":false,"template":"","format":"standard","meta":{"footnotes":""},"categories":[42],"tags":[],"class_list":["post-2107","post","type-post","status-publish","format-standard","has-post-thumbnail","hentry","category-consejos-pt-pt"],"yoast_head":"<!-- This site is optimized with the Yoast SEO plugin v27.4 - https:\/\/yoast.com\/product\/yoast-seo-wordpress\/ -->\n<title>Faltan profesionales \u2013 Por Manel B\u00e1ez (ASSISTEC) - Autodrive<\/title>\n<meta name=\"robots\" content=\"index, follow, max-snippet:-1, max-image-preview:large, max-video-preview:-1\" \/>\n<link rel=\"canonical\" href=\"https:\/\/autodriveservices.com\/pt-pt\/faltan-profesionales-por-manel-baez-assistec\/\" \/>\n<meta property=\"og:locale\" content=\"pt_PT\" \/>\n<meta property=\"og:type\" content=\"article\" \/>\n<meta property=\"og:title\" content=\"Faltan profesionales \u2013 Por Manel B\u00e1ez (ASSISTEC) - Autodrive\" \/>\n<meta property=\"og:description\" content=\"2.837.653 personas en paro a diciembre 2022 y, aun as\u00ed, nos falta personal en los talleres. No solo en la [&hellip;]\" \/>\n<meta property=\"og:url\" content=\"https:\/\/autodriveservices.com\/faltan-profesionales-por-manel-baez-assistec\/\" \/>\n<meta property=\"og:site_name\" content=\"Autodrive\" \/>\n<meta property=\"article:published_time\" content=\"2023-02-16T13:26:33+00:00\" \/>\n<meta property=\"og:image\" content=\"https:\/\/autodriveservices.com\/wp-content\/uploads\/2023\/02\/profsles.jpg\" \/>\n\t<meta property=\"og:image:width\" content=\"400\" \/>\n\t<meta property=\"og:image:height\" content=\"300\" \/>\n\t<meta property=\"og:image:type\" content=\"image\/jpeg\" \/>\n<meta name=\"author\" content=\"naftic\" \/>\n<meta name=\"twitter:card\" content=\"summary_large_image\" \/>\n<meta name=\"twitter:label1\" content=\"Escrito por\" \/>\n\t<meta name=\"twitter:data1\" content=\"naftic\" \/>\n\t<meta name=\"twitter:label2\" content=\"Tempo estimado de leitura\" \/>\n\t<meta name=\"twitter:data2\" content=\"3 minutos\" \/>\n<script type=\"application\/ld+json\" class=\"yoast-schema-graph\">{\"@context\":\"https:\\\/\\\/schema.org\",\"@graph\":[{\"@type\":\"Article\",\"@id\":\"https:\\\/\\\/autodriveservices.com\\\/faltan-profesionales-por-manel-baez-assistec\\\/#article\",\"isPartOf\":{\"@id\":\"https:\\\/\\\/autodriveservices.com\\\/faltan-profesionales-por-manel-baez-assistec\\\/\"},\"author\":{\"name\":\"naftic\",\"@id\":\"https:\\\/\\\/autodriveservices.com\\\/#\\\/schema\\\/person\\\/f4386eade41cb130eac4ea21df4c12f9\"},\"headline\":\"Faltan profesionales \u2013 Por Manel B\u00e1ez (ASSISTEC)\",\"datePublished\":\"2023-02-16T13:26:33+00:00\",\"mainEntityOfPage\":{\"@id\":\"https:\\\/\\\/autodriveservices.com\\\/faltan-profesionales-por-manel-baez-assistec\\\/\"},\"wordCount\":646,\"publisher\":{\"@id\":\"https:\\\/\\\/autodriveservices.com\\\/#organization\"},\"image\":{\"@id\":\"https:\\\/\\\/autodriveservices.com\\\/faltan-profesionales-por-manel-baez-assistec\\\/#primaryimage\"},\"thumbnailUrl\":\"https:\\\/\\\/autodriveservices.com\\\/wp-content\\\/uploads\\\/2023\\\/02\\\/profsles.jpg\",\"articleSection\":[\"Consejos\"],\"inLanguage\":\"pt-PT\"},{\"@type\":\"WebPage\",\"@id\":\"https:\\\/\\\/autodriveservices.com\\\/faltan-profesionales-por-manel-baez-assistec\\\/\",\"url\":\"https:\\\/\\\/autodriveservices.com\\\/faltan-profesionales-por-manel-baez-assistec\\\/\",\"name\":\"Faltan profesionales \u2013 Por Manel B\u00e1ez (ASSISTEC) - Autodrive\",\"isPartOf\":{\"@id\":\"https:\\\/\\\/autodriveservices.com\\\/#website\"},\"primaryImageOfPage\":{\"@id\":\"https:\\\/\\\/autodriveservices.com\\\/faltan-profesionales-por-manel-baez-assistec\\\/#primaryimage\"},\"image\":{\"@id\":\"https:\\\/\\\/autodriveservices.com\\\/faltan-profesionales-por-manel-baez-assistec\\\/#primaryimage\"},\"thumbnailUrl\":\"https:\\\/\\\/autodriveservices.com\\\/wp-content\\\/uploads\\\/2023\\\/02\\\/profsles.jpg\",\"datePublished\":\"2023-02-16T13:26:33+00:00\",\"breadcrumb\":{\"@id\":\"https:\\\/\\\/autodriveservices.com\\\/faltan-profesionales-por-manel-baez-assistec\\\/#breadcrumb\"},\"inLanguage\":\"pt-PT\",\"potentialAction\":[{\"@type\":\"ReadAction\",\"target\":[\"https:\\\/\\\/autodriveservices.com\\\/faltan-profesionales-por-manel-baez-assistec\\\/\"]}]},{\"@type\":\"ImageObject\",\"inLanguage\":\"pt-PT\",\"@id\":\"https:\\\/\\\/autodriveservices.com\\\/faltan-profesionales-por-manel-baez-assistec\\\/#primaryimage\",\"url\":\"https:\\\/\\\/autodriveservices.com\\\/wp-content\\\/uploads\\\/2023\\\/02\\\/profsles.jpg\",\"contentUrl\":\"https:\\\/\\\/autodriveservices.com\\\/wp-content\\\/uploads\\\/2023\\\/02\\\/profsles.jpg\",\"width\":400,\"height\":300},{\"@type\":\"BreadcrumbList\",\"@id\":\"https:\\\/\\\/autodriveservices.com\\\/faltan-profesionales-por-manel-baez-assistec\\\/#breadcrumb\",\"itemListElement\":[{\"@type\":\"ListItem\",\"position\":1,\"name\":\"Portada\",\"item\":\"https:\\\/\\\/autodriveservices.com\\\/pt-pt\\\/\"},{\"@type\":\"ListItem\",\"position\":2,\"name\":\"Faltan profesionales \u2013 Por Manel B\u00e1ez (ASSISTEC)\"}]},{\"@type\":\"WebSite\",\"@id\":\"https:\\\/\\\/autodriveservices.com\\\/#website\",\"url\":\"https:\\\/\\\/autodriveservices.com\\\/\",\"name\":\"Autodrive\",\"description\":\"Red de talleres\",\"publisher\":{\"@id\":\"https:\\\/\\\/autodriveservices.com\\\/#organization\"},\"potentialAction\":[{\"@type\":\"SearchAction\",\"target\":{\"@type\":\"EntryPoint\",\"urlTemplate\":\"https:\\\/\\\/autodriveservices.com\\\/?s={search_term_string}\"},\"query-input\":{\"@type\":\"PropertyValueSpecification\",\"valueRequired\":true,\"valueName\":\"search_term_string\"}}],\"inLanguage\":\"pt-PT\"},{\"@type\":\"Organization\",\"@id\":\"https:\\\/\\\/autodriveservices.com\\\/#organization\",\"name\":\"Autodrive\",\"url\":\"https:\\\/\\\/autodriveservices.com\\\/\",\"logo\":{\"@type\":\"ImageObject\",\"inLanguage\":\"pt-PT\",\"@id\":\"https:\\\/\\\/autodriveservices.com\\\/#\\\/schema\\\/logo\\\/image\\\/\",\"url\":\"https:\\\/\\\/autodriveservices.com\\\/wp-content\\\/uploads\\\/2023\\\/05\\\/logo.png\",\"contentUrl\":\"https:\\\/\\\/autodriveservices.com\\\/wp-content\\\/uploads\\\/2023\\\/05\\\/logo.png\",\"width\":400,\"height\":193,\"caption\":\"Autodrive\"},\"image\":{\"@id\":\"https:\\\/\\\/autodriveservices.com\\\/#\\\/schema\\\/logo\\\/image\\\/\"}},{\"@type\":\"Person\",\"@id\":\"https:\\\/\\\/autodriveservices.com\\\/#\\\/schema\\\/person\\\/f4386eade41cb130eac4ea21df4c12f9\",\"name\":\"naftic\",\"image\":{\"@type\":\"ImageObject\",\"inLanguage\":\"pt-PT\",\"@id\":\"https:\\\/\\\/secure.gravatar.com\\\/avatar\\\/c0165aa85e91f7db3f1961c17b5beee0a0a1d9f181316dc24a8bcf71337cb3a4?s=96&d=mm&r=g\",\"url\":\"https:\\\/\\\/secure.gravatar.com\\\/avatar\\\/c0165aa85e91f7db3f1961c17b5beee0a0a1d9f181316dc24a8bcf71337cb3a4?s=96&d=mm&r=g\",\"contentUrl\":\"https:\\\/\\\/secure.gravatar.com\\\/avatar\\\/c0165aa85e91f7db3f1961c17b5beee0a0a1d9f181316dc24a8bcf71337cb3a4?s=96&d=mm&r=g\",\"caption\":\"naftic\"},\"url\":\"https:\\\/\\\/autodriveservices.com\\\/pt-pt\\\/author\\\/naftic\\\/\"}]}<\/script>\n<!-- \/ Yoast SEO plugin. -->","yoast_head_json":{"title":"Faltan profesionales \u2013 Por Manel B\u00e1ez (ASSISTEC) - Autodrive","robots":{"index":"index","follow":"follow","max-snippet":"max-snippet:-1","max-image-preview":"max-image-preview:large","max-video-preview":"max-video-preview:-1"},"canonical":"https:\/\/autodriveservices.com\/pt-pt\/faltan-profesionales-por-manel-baez-assistec\/","og_locale":"pt_PT","og_type":"article","og_title":"Faltan profesionales \u2013 Por Manel B\u00e1ez (ASSISTEC) - Autodrive","og_description":"2.837.653 personas en paro a diciembre 2022 y, aun as\u00ed, nos falta personal en los talleres. No solo en la [&hellip;]","og_url":"https:\/\/autodriveservices.com\/faltan-profesionales-por-manel-baez-assistec\/","og_site_name":"Autodrive","article_published_time":"2023-02-16T13:26:33+00:00","og_image":[{"width":400,"height":300,"url":"https:\/\/autodriveservices.com\/wp-content\/uploads\/2023\/02\/profsles.jpg","type":"image\/jpeg"}],"author":"naftic","twitter_card":"summary_large_image","twitter_misc":{"Escrito por":"naftic","Tempo estimado de leitura":"3 minutos"},"schema":{"@context":"https:\/\/schema.org","@graph":[{"@type":"Article","@id":"https:\/\/autodriveservices.com\/faltan-profesionales-por-manel-baez-assistec\/#article","isPartOf":{"@id":"https:\/\/autodriveservices.com\/faltan-profesionales-por-manel-baez-assistec\/"},"author":{"name":"naftic","@id":"https:\/\/autodriveservices.com\/#\/schema\/person\/f4386eade41cb130eac4ea21df4c12f9"},"headline":"Faltan profesionales \u2013 Por Manel B\u00e1ez (ASSISTEC)","datePublished":"2023-02-16T13:26:33+00:00","mainEntityOfPage":{"@id":"https:\/\/autodriveservices.com\/faltan-profesionales-por-manel-baez-assistec\/"},"wordCount":646,"publisher":{"@id":"https:\/\/autodriveservices.com\/#organization"},"image":{"@id":"https:\/\/autodriveservices.com\/faltan-profesionales-por-manel-baez-assistec\/#primaryimage"},"thumbnailUrl":"https:\/\/autodriveservices.com\/wp-content\/uploads\/2023\/02\/profsles.jpg","articleSection":["Consejos"],"inLanguage":"pt-PT"},{"@type":"WebPage","@id":"https:\/\/autodriveservices.com\/faltan-profesionales-por-manel-baez-assistec\/","url":"https:\/\/autodriveservices.com\/faltan-profesionales-por-manel-baez-assistec\/","name":"Faltan profesionales \u2013 Por Manel B\u00e1ez (ASSISTEC) - Autodrive","isPartOf":{"@id":"https:\/\/autodriveservices.com\/#website"},"primaryImageOfPage":{"@id":"https:\/\/autodriveservices.com\/faltan-profesionales-por-manel-baez-assistec\/#primaryimage"},"image":{"@id":"https:\/\/autodriveservices.com\/faltan-profesionales-por-manel-baez-assistec\/#primaryimage"},"thumbnailUrl":"https:\/\/autodriveservices.com\/wp-content\/uploads\/2023\/02\/profsles.jpg","datePublished":"2023-02-16T13:26:33+00:00","breadcrumb":{"@id":"https:\/\/autodriveservices.com\/faltan-profesionales-por-manel-baez-assistec\/#breadcrumb"},"inLanguage":"pt-PT","potentialAction":[{"@type":"ReadAction","target":["https:\/\/autodriveservices.com\/faltan-profesionales-por-manel-baez-assistec\/"]}]},{"@type":"ImageObject","inLanguage":"pt-PT","@id":"https:\/\/autodriveservices.com\/faltan-profesionales-por-manel-baez-assistec\/#primaryimage","url":"https:\/\/autodriveservices.com\/wp-content\/uploads\/2023\/02\/profsles.jpg","contentUrl":"https:\/\/autodriveservices.com\/wp-content\/uploads\/2023\/02\/profsles.jpg","width":400,"height":300},{"@type":"BreadcrumbList","@id":"https:\/\/autodriveservices.com\/faltan-profesionales-por-manel-baez-assistec\/#breadcrumb","itemListElement":[{"@type":"ListItem","position":1,"name":"Portada","item":"https:\/\/autodriveservices.com\/pt-pt\/"},{"@type":"ListItem","position":2,"name":"Faltan profesionales \u2013 Por Manel B\u00e1ez (ASSISTEC)"}]},{"@type":"WebSite","@id":"https:\/\/autodriveservices.com\/#website","url":"https:\/\/autodriveservices.com\/","name":"Autodrive","description":"Red de talleres","publisher":{"@id":"https:\/\/autodriveservices.com\/#organization"},"potentialAction":[{"@type":"SearchAction","target":{"@type":"EntryPoint","urlTemplate":"https:\/\/autodriveservices.com\/?s={search_term_string}"},"query-input":{"@type":"PropertyValueSpecification","valueRequired":true,"valueName":"search_term_string"}}],"inLanguage":"pt-PT"},{"@type":"Organization","@id":"https:\/\/autodriveservices.com\/#organization","name":"Autodrive","url":"https:\/\/autodriveservices.com\/","logo":{"@type":"ImageObject","inLanguage":"pt-PT","@id":"https:\/\/autodriveservices.com\/#\/schema\/logo\/image\/","url":"https:\/\/autodriveservices.com\/wp-content\/uploads\/2023\/05\/logo.png","contentUrl":"https:\/\/autodriveservices.com\/wp-content\/uploads\/2023\/05\/logo.png","width":400,"height":193,"caption":"Autodrive"},"image":{"@id":"https:\/\/autodriveservices.com\/#\/schema\/logo\/image\/"}},{"@type":"Person","@id":"https:\/\/autodriveservices.com\/#\/schema\/person\/f4386eade41cb130eac4ea21df4c12f9","name":"naftic","image":{"@type":"ImageObject","inLanguage":"pt-PT","@id":"https:\/\/secure.gravatar.com\/avatar\/c0165aa85e91f7db3f1961c17b5beee0a0a1d9f181316dc24a8bcf71337cb3a4?s=96&d=mm&r=g","url":"https:\/\/secure.gravatar.com\/avatar\/c0165aa85e91f7db3f1961c17b5beee0a0a1d9f181316dc24a8bcf71337cb3a4?s=96&d=mm&r=g","contentUrl":"https:\/\/secure.gravatar.com\/avatar\/c0165aa85e91f7db3f1961c17b5beee0a0a1d9f181316dc24a8bcf71337cb3a4?s=96&d=mm&r=g","caption":"naftic"},"url":"https:\/\/autodriveservices.com\/pt-pt\/author\/naftic\/"}]}},"_links":{"self":[{"href":"https:\/\/autodriveservices.com\/pt-pt\/wp-json\/wp\/v2\/posts\/2107","targetHints":{"allow":["GET"]}}],"collection":[{"href":"https:\/\/autodriveservices.com\/pt-pt\/wp-json\/wp\/v2\/posts"}],"about":[{"href":"https:\/\/autodriveservices.com\/pt-pt\/wp-json\/wp\/v2\/types\/post"}],"author":[{"embeddable":true,"href":"https:\/\/autodriveservices.com\/pt-pt\/wp-json\/wp\/v2\/users\/1"}],"replies":[{"embeddable":true,"href":"https:\/\/autodriveservices.com\/pt-pt\/wp-json\/wp\/v2\/comments?post=2107"}],"version-history":[{"count":0,"href":"https:\/\/autodriveservices.com\/pt-pt\/wp-json\/wp\/v2\/posts\/2107\/revisions"}],"wp:featuredmedia":[{"embeddable":true,"href":"https:\/\/autodriveservices.com\/pt-pt\/wp-json\/wp\/v2\/media\/1865"}],"wp:attachment":[{"href":"https:\/\/autodriveservices.com\/pt-pt\/wp-json\/wp\/v2\/media?parent=2107"}],"wp:term":[{"taxonomy":"category","embeddable":true,"href":"https:\/\/autodriveservices.com\/pt-pt\/wp-json\/wp\/v2\/categories?post=2107"},{"taxonomy":"post_tag","embeddable":true,"href":"https:\/\/autodriveservices.com\/pt-pt\/wp-json\/wp\/v2\/tags?post=2107"}],"curies":[{"name":"wp","href":"https:\/\/api.w.org\/{rel}","templated":true}]}}